{"id":3938,"date":"2024-11-25T08:47:40","date_gmt":"2024-11-25T08:47:40","guid":{"rendered":"https:\/\/www.covermagazin.com\/djeca\/?p=3938"},"modified":"2026-01-12T13:38:13","modified_gmt":"2026-01-12T13:38:13","slug":"kata-imendan-2024","status":"publish","type":"post","link":"https:\/\/www.covermagazin.com\/djeca\/?p=3938","title":{"rendered":"Kata &#8211; imendan 2026. &#8211;"},"content":{"rendered":"\n<figure class=\"wp-block-image size-full\"><a href=\"https:\/\/www.covermagazin.com\/djeca\/wp-content\/uploads\/2024\/11\/imendan-kata.jpg\"><img loading=\"lazy\" decoding=\"async\" width=\"600\" height=\"400\" src=\"https:\/\/www.covermagazin.com\/djeca\/wp-content\/uploads\/2024\/11\/imendan-kata.jpg\" alt=\"\" class=\"wp-image-3940\" srcset=\"https:\/\/www.covermagazin.com\/djeca\/wp-content\/uploads\/2024\/11\/imendan-kata.jpg 600w, https:\/\/www.covermagazin.com\/djeca\/wp-content\/uploads\/2024\/11\/imendan-kata-300x200.jpg 300w\" sizes=\"auto, (max-width: 600px) 100vw, 600px\" \/><\/a><\/figure>\n\n\n\n<h2 class=\"wp-block-heading\">Kata &#8211; imendan 2026. &#8211;<\/h2>\n\n\n\n<p>Kata  je katoli\u010dko ime koje ima svoj imendan nekoliko puta godi\u0161nje, a skra\u0107enica je od <a href=\"https:\/\/www.covermagazin.com\/djeca\/?p=2438\">imena Katarina<\/a>. <strong>Kate obi\u010dno slave imendan na dan Svete Katarine (Kate) Aleksandrijske 25.11.<\/strong> ali se mo\u017ee obilje\u017eavati i na druge datume kada je spomendan Kata i Katarina.<\/p>\n\n\n\n<p><strong>Kata ima spomendan:<\/strong><\/p>\n\n\n\n<p>13.02.<br>24.03.<br>29.04.<br>25.10.<br><strong>25.11.<\/strong><br>28.11.<\/p>\n\n\n\n<p>I<em>znad ste saznali na koji datum Kata slavi imendan u 2026. godini.<\/em><\/p>\n\n\n\n<p>Znate li da slavljenje imendana nije posebno samo za Hrvatsku i okolne balkanske zemlje. Imendan je poseban dan koji se slavi \u0161irom svijeta. Imena svetaca nazna\u010dena su u katoli\u010dkom kalendaru. Ima li vi\u0161e svetaca i bla\u017eenika s istim imenom u kalendaru proslavit \u0107ete imendan koji je najbli\u017ei va\u0161em ro\u0111endanu ili koji je najzna\u010dajniji&nbsp; u va\u0161oj \u017eupi i susjednim \u017eupama ili okru\u017eenju.<\/p>\n\n\n\n<p><em>Ako se zovete Kata i danas je neki od datuma iznad SRETAN VAM IMENDAN Katarina &#x2665;<\/em><\/p>\n\n\n\n<p>Sveta Kata (Katarina) \u010diji imendan slavimo 25.11. je sveta Katarina Aleksandrijska, djevica i mu\u010denica koja je \u017eivjela u 3 stolje\u0107u. Bila je djevojka na visokom polo\u017eaju, iznimno lijepa i pametna, koja je mu\u010deni\u0161tvo podnijela u Aleksandriji. Sveta Katarina je za\u0161titnica mnogih biskupija, gradova, \u017eupa, crkava i kapela diljem svijeta i hrvatskih krajeva.<\/p>\n\n\n\n<p>25. studenoga, svetkovina je svete Katarine Aleksandrijske (svete Kate). Katarina je \u010desto predstavljena u katoli\u010dkoj umjetnosti, bilo kao samostalna tema ili \u010de\u0161\u0107e, kao pratilja na umjetni\u010dkim djelima uz Djevicu Mariju i malog Dijete Isusa.<\/p>\n\n\n\n<p>Proslava dana sv. Katarine Aleksandijske obi\u010daj je tradicija koja je vezana uz katoli\u010danstvo \u0161irom svijeta. Ime Katarina popularno je u svojim ina\u010dicama u mnogim zemljama, pa je 25. studeni vrlo popularan dan \u0161irom svijeta.<\/p>\n\n\n\n<h3 class=\"wp-block-heading\">Kako obilje\u017eiti imendan svete Kate<\/h3>\n\n\n\n<p>Sveta Katarina smatra se za\u0161titnicom neudanih djevojaka, intelektualaca, studenata i u\u010denika, te obrtnika koji imaju veze s kota\u010dima. Nerijetko se smatra kako je zapravo dan sv. Kate po\u010detak zimske sezone, a kod nas postoji popularna izreka &#8220;Sveta Kata &#8211; snijeg na vrata&#8221;. Na spomendan svete Kate otvara se sezona pripreme <a href=\"https:\/\/www.recepti.covermagazin.com\/?tag=bozicni-kolaci\">blagdanskih kola\u010da<\/a>, <a href=\"https:\/\/www.recepti.covermagazin.com\/?p=23287\">kuhanog vina<\/a> i svega onoga \u0161to obilje\u017eava zimsko i vrijeme do\u0161a\u0161\u0107a. U Engleskoj postoji tradicija (a koja postaje ujedno i globalna tradicija) da se na imendan Svete Kate prave kola\u010di\u0107i od cimeta u obliku vrtloga. Tako\u0111er, kako je spoemnutao da je Sveta Kata za\u0161titnica obrtnika koji se bave poslovima vezanim uz kota\u010de, nerijetko se ovaj dan obilje\u017eava vatrometima ili svjetlosnim efektima koji imitiraju vr\u0107enje kota\u010da.<\/p>\n\n\n\n<p>Ovisno o krajevima, ali i \u017eivotnoj fazi pojedinih osoba, negdje se sv. Kata vi\u0161e proslavlja tematikom vezanom uz neudane djevojke, dok u drugim krajevima prednost se daje obilje\u017ejima vezanim uz kota\u010de.<\/p>\n\n\n\n<h3 class=\"wp-block-heading\">Kako \u010destitati imendan Katama<\/h3>\n\n\n\n<p><strong>Mo\u017eete \u010destiti sasvim jednostavno:<\/strong><\/p>\n\n\n\n<p><em>Sretan imendan Kato!<\/em><\/p>\n\n\n\n<p>Kato, od srca ti \u017eelim sretan imendan!<\/p>\n\n\n\n<p><strong>Ali mo\u017eete dodati i neku osobnu posvetu za imendan<\/strong><\/p>\n\n\n\n<p><em>Moja je iskrena \u017eelja da dana\u0161nji dan, ali i cijeli \u017eivot ti Bog da puno veselja. Sretan imendan Kato. <\/em><\/p>\n\n\n\n<h3 class=\"wp-block-heading\">Imendan svete Kate na drugi datum<\/h3>\n\n\n\n<p>Kada se govori o imendanu, Kate ga u pravilu proslavljaju 25.11. ipak, ako vam netko po\u0161alje \u010destitku na neki od drugih datuma kada se obilje\u017eava tako\u0111er sveta Kata, Katarina ili bla\u017eenica tog imena ljubazno se trebate zahvaliti, te mo\u017eete istaknuti kako vi slavite imendan na dan Svete Katarine Aleksandrijske 25.11, ali ni ne morate napomenuti. Poanta \u010destitke je da vas se netko sjetio i \u010destitao dan va\u0161eg imena \u2013 imendan.<\/p>\n","protected":false},"excerpt":{"rendered":"<p>Kata &#8211; imendan 2026. &#8211; Kata je katoli\u010dko ime koje ima svoj imendan nekoliko puta godi\u0161nje, a skra\u0107enica je od imena Katarina. Kate obi\u010dno slave imendan na dan Svete Katarine (Kate) Aleksandrijske 25.11. ali se mo\u017ee obilje\u017eavati i na druge datume kada je spomendan Kata i Katarina. Kata ima spomendan: 13.02.24.03.29.04.25.10.25.11.28.11. Iznad ste saznali na [&hellip;]<\/p>\n","protected":false},"author":1,"featured_media":3940,"comment_status":"open","ping_status":"open","sticky":false,"template":"","format":"standard","meta":{"footnotes":"","_links_to":"","_links_to_target":""},"categories":[29],"tags":[],"class_list":["post-3938","post","type-post","status-publish","format-standard","has-post-thumbnail","hentry","category-imendani"],"_links":{"self":[{"href":"https:\/\/www.covermagazin.com\/djeca\/index.php?rest_route=\/wp\/v2\/posts\/3938","targetHints":{"allow":["GET"]}}],"collection":[{"href":"https:\/\/www.covermagazin.com\/djeca\/index.php?rest_route=\/wp\/v2\/posts"}],"about":[{"href":"https:\/\/www.covermagazin.com\/djeca\/index.php?rest_route=\/wp\/v2\/types\/post"}],"author":[{"embeddable":true,"href":"https:\/\/www.covermagazin.com\/djeca\/index.php?rest_route=\/wp\/v2\/users\/1"}],"replies":[{"embeddable":true,"href":"https:\/\/www.covermagazin.com\/djeca\/index.php?rest_route=%2Fwp%2Fv2%2Fcomments&post=3938"}],"version-history":[{"count":3,"href":"https:\/\/www.covermagazin.com\/djeca\/index.php?rest_route=\/wp\/v2\/posts\/3938\/revisions"}],"predecessor-version":[{"id":4474,"href":"https:\/\/www.covermagazin.com\/djeca\/index.php?rest_route=\/wp\/v2\/posts\/3938\/revisions\/4474"}],"wp:featuredmedia":[{"embeddable":true,"href":"https:\/\/www.covermagazin.com\/djeca\/index.php?rest_route=\/wp\/v2\/media\/3940"}],"wp:attachment":[{"href":"https:\/\/www.covermagazin.com\/djeca\/index.php?rest_route=%2Fwp%2Fv2%2Fmedia&parent=3938"}],"wp:term":[{"taxonomy":"category","embeddable":true,"href":"https:\/\/www.covermagazin.com\/djeca\/index.php?rest_route=%2Fwp%2Fv2%2Fcategories&post=3938"},{"taxonomy":"post_tag","embeddable":true,"href":"https:\/\/www.covermagazin.com\/djeca\/index.php?rest_route=%2Fwp%2Fv2%2Ftags&post=3938"}],"curies":[{"name":"wp","href":"https:\/\/api.w.org\/{rel}","templated":true}]}}