{"id":2959,"date":"2021-12-09T09:59:55","date_gmt":"2021-12-09T09:59:55","guid":{"rendered":"https:\/\/www.covermagazin.com\/djeca\/?p=2959"},"modified":"2025-01-01T09:15:14","modified_gmt":"2025-01-01T09:15:14","slug":"valerija-imendan-2021","status":"publish","type":"post","link":"https:\/\/www.covermagazin.com\/djeca\/?p=2959","title":{"rendered":"Valerija &#8211; imendan 2025. &#8211;"},"content":{"rendered":"\n<h3 class=\"wp-block-heading\"><a href=\"https:\/\/www.covermagazin.com\/djeca\/wp-content\/uploads\/2020\/10\/gerta.jpg\"><\/a><\/h3>\n\n\n\n<figure class=\"wp-block-image size-full\"><a href=\"https:\/\/www.covermagazin.com\/djeca\/wp-content\/uploads\/2021\/12\/Valerija-imendan.jpg\"><img loading=\"lazy\" decoding=\"async\" width=\"600\" height=\"400\" src=\"https:\/\/www.covermagazin.com\/djeca\/wp-content\/uploads\/2021\/12\/Valerija-imendan.jpg\" alt=\"\" class=\"wp-image-2961\" srcset=\"https:\/\/www.covermagazin.com\/djeca\/wp-content\/uploads\/2021\/12\/Valerija-imendan.jpg 600w, https:\/\/www.covermagazin.com\/djeca\/wp-content\/uploads\/2021\/12\/Valerija-imendan-300x200.jpg 300w\" sizes=\"auto, (max-width: 600px) 100vw, 600px\" \/><\/a><\/figure>\n\n\n\n<h2 class=\"wp-block-heading\">Valerija &#8211; imendan 2025. &#8211;<\/h2>\n\n\n\n<p>Valerija&nbsp; je ime kojeg nositelji slave imendan u lipnju i prosincu.<\/p>\n\n\n\n<p>05.06. i 09.12. obilje\u017eava se imendan imena VALERIJA.<\/p>\n\n\n\n<p>Datumi na koje Valerija slavi imendan: <\/p>\n\n\n\n<p>05.06.<\/p>\n\n\n\n<p>09.12.<\/p>\n\n\n\n<h3 class=\"wp-block-heading has-text-align-center\">Valerija <strong>salvi imendan u lipnju 05.06. i u prosincu 09.12. 2025.<\/strong><\/h3>\n\n\n\n<p>I<em>znad ste saznali na koji datum Valerija slavi imendan u 2025. godini.<\/em><\/p>\n\n\n\n<p>Znate li da slavljenje imendana nije posebno samo za Hrvatsku i okolne balkanske zemlje. Imendan je poseban dan koji se slavi \u0161irom svijeta. Imena svetaca nazna\u010dena su u katoli\u010dkom kalendaru . Ima li vi\u0161e svetaca i bla\u017eenika s istim imenom u kalendaru proslavit \u0107ete imendan koji je najbli\u017ei va\u0161em ro\u0111endanu ili koji je najzna\u010dajniji&nbsp; u va\u0161oj \u017eupi i susjednim \u017eupama ili okru\u017eenju.<\/p>\n\n\n\n<p><em>Ako se zovete Valerija &nbsp;i danas je neki od datuma iznad SRETAN VAM IMENDAN Valerija \u2665<\/em><\/p>\n\n\n\n<p>Valerija je kr\u0161\u0107ansko ime prema latinskom glagolu \u201evalerius\u201d \u0161to zna\u010di biti jak. Od imena valerija nastale su izvedenice Lera, Lerica, Lerka, Vala, Val\u010da, Valena, Valenka, Valera, Valeria, Valerica, Valerika, Valerka i Valerijana, pa je na datume iznad i imendan i svim osobama koje nose ime neku od izvedenica imena Valerija.<\/p>\n\n\n\n<p>Sretan imendan Lera!<br>Sretan imendan Lerica!<br>Sretan imendan Lerka!<br>Sretan imendan Vala!<br>Sretan imendan Val\u010da!<br>Sretan imendan Valena!<br>Sretan imendan Valenka!<br>Sretan imendan Valera!<br>Sretan imendan Valeria!<br>Sretan imendan Valerica!<br>Sretan imendan Valerika!<br>Sretan imendan Valerijana!<\/p>\n\n\n\n<p><\/p>\n\n\n\n<p><strong>Vezano:<\/strong><\/p>\n\n\n\n<figure class=\"wp-block-embed is-type-wp-embed is-provider-roditeljstvo-i-djeca wp-block-embed-roditeljstvo-i-djeca\"><div class=\"wp-block-embed__wrapper\">\n<blockquote class=\"wp-embedded-content\" data-secret=\"3ugS58IP0Q\"><a href=\"https:\/\/www.covermagazin.com\/djeca\/?p=1853\">Katoli\u010dki kalendar 2025. &#8211; imena i imendani &#8211;<\/a><\/blockquote><iframe loading=\"lazy\" class=\"wp-embedded-content\" sandbox=\"allow-scripts\" security=\"restricted\" style=\"position: absolute; visibility: hidden;\" title=\"&#8220;Katoli\u010dki kalendar 2025. &#8211; imena i imendani &#8211;&#8221; &#8212; Roditeljstvo i djeca\" src=\"https:\/\/www.covermagazin.com\/djeca\/?p=1853&#038;embed=true#?secret=V5wc3mq3cX#?secret=3ugS58IP0Q\" data-secret=\"3ugS58IP0Q\" width=\"500\" height=\"282\" frameborder=\"0\" marginwidth=\"0\" marginheight=\"0\" scrolling=\"no\"><\/iframe>\n<\/div><\/figure>\n\n\n\n<figure class=\"wp-block-embed is-type-wp-embed is-provider-roditeljstvo-i-djeca wp-block-embed-roditeljstvo-i-djeca\"><div class=\"wp-block-embed__wrapper\">\n<blockquote class=\"wp-embedded-content\" data-secret=\"U83Bqs1hoE\"><a href=\"https:\/\/www.covermagazin.com\/djeca\/?p=1186\">Imena za djecu prema katoli\u010dkom kalendaru<\/a><\/blockquote><iframe loading=\"lazy\" class=\"wp-embedded-content\" sandbox=\"allow-scripts\" security=\"restricted\" style=\"position: absolute; visibility: hidden;\" title=\"&#8220;Imena za djecu prema katoli\u010dkom kalendaru&#8221; &#8212; Roditeljstvo i djeca\" src=\"https:\/\/www.covermagazin.com\/djeca\/?p=1186&#038;embed=true#?secret=udqu6vPdwd#?secret=U83Bqs1hoE\" data-secret=\"U83Bqs1hoE\" width=\"500\" height=\"282\" frameborder=\"0\" marginwidth=\"0\" marginheight=\"0\" scrolling=\"no\"><\/iframe>\n<\/div><\/figure>\n","protected":false},"excerpt":{"rendered":"<p>Saznajte na koji datum VALERIJA slavi imendan u 2025. godini. &#8211; Znate li da slavljenje imendana nije posebno samo za Hrvatsku i okolne balkanske zemlje. Imendan je poseban dan koji se slavi \u0161irom svijeta. <\/p>\n","protected":false},"author":1,"featured_media":2961,"comment_status":"open","ping_status":"open","sticky":false,"template":"","format":"standard","meta":{"footnotes":"","_links_to":"","_links_to_target":""},"categories":[29],"tags":[],"class_list":["post-2959","post","type-post","status-publish","format-standard","has-post-thumbnail","hentry","category-imendani"],"_links":{"self":[{"href":"https:\/\/www.covermagazin.com\/djeca\/index.php?rest_route=\/wp\/v2\/posts\/2959","targetHints":{"allow":["GET"]}}],"collection":[{"href":"https:\/\/www.covermagazin.com\/djeca\/index.php?rest_route=\/wp\/v2\/posts"}],"about":[{"href":"https:\/\/www.covermagazin.com\/djeca\/index.php?rest_route=\/wp\/v2\/types\/post"}],"author":[{"embeddable":true,"href":"https:\/\/www.covermagazin.com\/djeca\/index.php?rest_route=\/wp\/v2\/users\/1"}],"replies":[{"embeddable":true,"href":"https:\/\/www.covermagazin.com\/djeca\/index.php?rest_route=%2Fwp%2Fv2%2Fcomments&post=2959"}],"version-history":[{"count":7,"href":"https:\/\/www.covermagazin.com\/djeca\/index.php?rest_route=\/wp\/v2\/posts\/2959\/revisions"}],"predecessor-version":[{"id":4060,"href":"https:\/\/www.covermagazin.com\/djeca\/index.php?rest_route=\/wp\/v2\/posts\/2959\/revisions\/4060"}],"wp:featuredmedia":[{"embeddable":true,"href":"https:\/\/www.covermagazin.com\/djeca\/index.php?rest_route=\/wp\/v2\/media\/2961"}],"wp:attachment":[{"href":"https:\/\/www.covermagazin.com\/djeca\/index.php?rest_route=%2Fwp%2Fv2%2Fmedia&parent=2959"}],"wp:term":[{"taxonomy":"category","embeddable":true,"href":"https:\/\/www.covermagazin.com\/djeca\/index.php?rest_route=%2Fwp%2Fv2%2Fcategories&post=2959"},{"taxonomy":"post_tag","embeddable":true,"href":"https:\/\/www.covermagazin.com\/djeca\/index.php?rest_route=%2Fwp%2Fv2%2Ftags&post=2959"}],"curies":[{"name":"wp","href":"https:\/\/api.w.org\/{rel}","templated":true}]}}