{"id":2910,"date":"2024-11-22T11:38:00","date_gmt":"2024-11-22T11:38:00","guid":{"rendered":"https:\/\/www.covermagazin.com\/djeca\/?p=2910"},"modified":"2026-01-12T13:39:00","modified_gmt":"2026-01-12T13:39:00","slug":"nikola-imendan-2021","status":"publish","type":"post","link":"https:\/\/www.covermagazin.com\/djeca\/?p=2910","title":{"rendered":"Nikola &#8211; imendan 2026. &#8211;"},"content":{"rendered":"\n<figure class=\"wp-block-image size-full\"><a href=\"https:\/\/www.covermagazin.com\/djeca\/wp-content\/uploads\/2021\/12\/Imendan-nikola.jpg\"><img loading=\"lazy\" decoding=\"async\" width=\"600\" height=\"400\" src=\"https:\/\/www.covermagazin.com\/djeca\/wp-content\/uploads\/2021\/12\/Imendan-nikola.jpg\" alt=\"\" class=\"wp-image-2911\" srcset=\"https:\/\/www.covermagazin.com\/djeca\/wp-content\/uploads\/2021\/12\/Imendan-nikola.jpg 600w, https:\/\/www.covermagazin.com\/djeca\/wp-content\/uploads\/2021\/12\/Imendan-nikola-300x200.jpg 300w\" sizes=\"auto, (max-width: 600px) 100vw, 600px\" \/><\/a><\/figure>\n\n\n\n<h2 class=\"wp-block-heading\">Nikola &#8211; imendan 2026. &#8211;<\/h2>\n\n\n\n<p><strong>Nikola je katoli\u010dko ime koje ima svoj imendan slavi 06.12. <\/strong><\/p>\n\n\n\n<p>Tijekom godine se jo\u0161 nekoliko puta spominje ime Nikola, te se imendan ukoliko ste Nikola mo\u017ee obilje\u017eavati najmanje tri-\u010detiri puta godi\u0161nje i to.<\/p>\n\n\n\n<p>09.07.<br>10.09.<\/p>\n\n\n\n<p>14.11.<br><strong>06.12.<\/strong><\/p>\n\n\n\n<p>Ipak &#8220;pravi&#8221; i svima poznati sveti Nikola se slavi 06. prosinca te je to dan kada ve\u0107ina Nikola proslavlja svoj imendan. <\/p>\n\n\n\n<p class=\"has-text-align-center\"><strong>Nikola slavi imendan 06.12<\/strong>. <\/p>\n\n\n\n<p>I<em>znad ste saznali na koji datum Nikola slavi imendan u 2026. godini.<\/em><\/p>\n\n\n\n<p>Znate li da slavljenje imendana nije posebno samo za Hrvatsku i okolne balkanske zemlje. Imendan je poseban dan koji se slavi \u0161irom svijeta. Imena svetaca nazna\u010dena su u katoli\u010dkom kalendaru . Ima li vi\u0161e svetaca i bla\u017eenika s istim imenom u kalendaru proslavit \u0107ete imendan koji je najbli\u017ei va\u0161em ro\u0111endanu ili koji je najzna\u010dajniji&nbsp; u va\u0161oj \u017eupi i susjednim \u017eupama ili okru\u017eenju.<\/p>\n\n\n\n<p><em>Ako se zovete Nikola i danas je neki od datuma iznad SRETAN VAM IMENDAN Nikola &#x2665;<\/em><\/p>\n\n\n\n<h3 class=\"wp-block-heading\">Kako \u010destitati imendan Nikolama<\/h3>\n\n\n\n<p><strong>\u010cestitke za imendan Nikola<\/strong><\/p>\n\n\n\n<p>Nikolama imendan mo\u017eete \u010destitati sasvim jednostavnom porukom:<\/p>\n\n\n\n<p><em>Nikola sretan imendan<\/em>!<\/p>\n\n\n\n<p>ili <\/p>\n\n\n\n<p><em>Dragi Nikola sretan ti imendan<\/em>!<\/p>\n\n\n\n<h3 class=\"wp-block-heading\">Kako \u010destitati imendan Nikolama porukom<\/h3>\n\n\n\n<p>Ukoliko \u017eelite personalizirati poruku, te \u010destitati imendan posebnijom porukom uz \u010destitku mo\u017eete dodati i neke karakteristike imena Nikola ili sveca sv. Nikole. <\/p>\n\n\n\n<p><em>Dragi Nikola, sretan ti imendani i nadam se da \u0107e\u0161 uvijek biti pobjednik u svemu \u0161to sebi zacrta\u0161, ba\u0161 kao \u0161to tvoje ime o tebi govori<\/em>!<\/p>\n\n\n\n<h3 class=\"wp-block-heading\">Proslava imendana<\/h3>\n\n\n\n<p>Iako imendan nije zamjena za ro\u0111endan, kada obilje\u017eavamo datum svog ro\u0111enja, jedan je od datuma u godini koji vrijedi proslaviti. Na taj na\u010din odajemo po\u010dast svecu \u010dije ime nosimo i koji je zna\u010dajno obilje\u017eio na\u0161 \u017eivot \u010dak i ako toga nismo svjesni. Zbog toga ne treba birati ili \u0107u slaviti imendan ili ro\u0111endan, nego je lijepo proslaviti i jedno i drugo. Tradicija proslave imendana se\u017ee u srednji vijek, a u hrvatskim krajevima do po\u010detka 20. stolje\u0107a imendan je bio gotovo va\u017eniji od ro\u0111endana. Nakratko je zaboravljen obi\u010daj slavljenja imendana kroz sredinu dvadesetog stolje\u0107a, da bi ulaskom u 21.stolje\u0107e ovaj obi\u010daj ponovno o\u017eivio, te su se ljudi ponovno zapo\u010deli prisje\u0107ati svojih imendana i proslaviti spomendane svetaca \u010dija imena nose.<\/p>\n\n\n\n<p>Jedna od boljih stvari kod proslave imendana je \u0161to ne morate znati ne\u010diji ro\u0111endan ni puno detalja o toj osobi da biste joj se mogli javiti, \u010destitati imendan i poslati poruku. Dovoljno je da tek znate kako se zove i mo\u017eete \u010destitati imendan.<\/p>\n\n\n\n<p><strong>Sveti Nikola &#8211; zimski <\/strong>&#8211;<\/p>\n\n\n\n<p>Sveti Nikola je poznati darivatelj djece \u010diji datum spomendana znaju ve\u0107 i mala djeca, tako da obilje\u017eiti imendan ako se zovete Nikola sigurno ne\u0107ete zaboraviti. Darivatelj za \u017eivota, a nakon smrti svetac koji je brojne darivao svojom milo\u0161\u0107u i usli\u0161ao molitve popularni je svetac, omiljen me\u0111u djecom, ali i me\u0111u putnicima, moreplovcima i svima kojima je za\u0161titnik ili onima koji se njemu utje\u010du. <\/p>\n\n\n\n<p>Poznati su obi\u010daji darivanja djece za sv. Nikolu, pa se mo\u017ee re\u0107i da je ovo najomiljeniji dje\u010dji svetac. <\/p>\n\n\n\n<p><strong>Sveti Nikola &#8211; ljetni &#8211;<\/strong> <\/p>\n\n\n\n<p>Sveti Nikola ljetni zapravo je isti svetac, ali se na taj dan u svibnju obilje\u017eava kada su njegovi posmrtni ostaci preneseni iz jednog mjesta u drugo. Kod nas ne ne obilje\u017eava i ne proslavlja na neki poseban na\u010din, osim u isto\u010dnim krajevima. <\/p>\n\n\n\n<p><strong>Sveti Nikola &#8211; jesenski &#8211;<\/strong> <\/p>\n\n\n\n<p>Sveti Nikola jesenski zapravo je spomendan sveca hrvatskog porijekla sv. Nikole Taveli\u0107a. Sasvim je prirodno da se u krajevima koji \u0161tuju ovog sveca posebno obilje\u017eava ovaj dan, \u010dak i sve\u010danije nego svetog Nikolu u prosincu. Sveti Nikola Taveli\u0107 prvi je hrvatski svetac i za\u0161titnik hrvatskog naroda, koji je jo\u0161 sa trojicom subra\u0107e podino mu\u010deni\u010dku smrt i ba\u010den na loma\u010du. \u0160ibenskog je porijekla. Ro\u0111en je u plemi\u0107koj \u0161ibenskoj obitelji 1340. godine. Posebno se \u0161tuje i u Bosni gdje je bio poslan u slu\u017ebu. Spomendan svetog Nikole Taveli\u0107a slavi se 14.11.<\/p>\n\n\n\n<p><strong>Vezano:<\/strong><\/p>\n\n\n\n<figure class=\"wp-block-embed is-type-wp-embed is-provider-roditeljstvo-i-djeca wp-block-embed-roditeljstvo-i-djeca\"><div class=\"wp-block-embed__wrapper\">\n<blockquote class=\"wp-embedded-content\" data-secret=\"u88yFwDAmx\"><a href=\"https:\/\/www.covermagazin.com\/djeca\/?p=1853\">Katoli\u010dki kalendar 2024. &#8211; imena i imendani &#8211;<\/a><\/blockquote><iframe loading=\"lazy\" class=\"wp-embedded-content\" sandbox=\"allow-scripts\" security=\"restricted\" style=\"position: absolute; visibility: hidden;\" title=\"&#8220;Katoli\u010dki kalendar 2024. &#8211; imena i imendani &#8211;&#8221; &#8212; Roditeljstvo i djeca\" src=\"https:\/\/www.covermagazin.com\/djeca\/?p=1853&#038;embed=true#?secret=HWfh3Qox3m#?secret=u88yFwDAmx\" data-secret=\"u88yFwDAmx\" width=\"500\" height=\"282\" frameborder=\"0\" marginwidth=\"0\" marginheight=\"0\" scrolling=\"no\"><\/iframe>\n<\/div><\/figure>\n\n\n\n<figure class=\"wp-block-embed is-type-wp-embed is-provider-roditeljstvo-i-djeca wp-block-embed-roditeljstvo-i-djeca\"><div class=\"wp-block-embed__wrapper\">\n<blockquote class=\"wp-embedded-content\" data-secret=\"aAfEWJ2p65\"><a href=\"https:\/\/www.covermagazin.com\/djeca\/?p=1186\">Imena za djecu prema katoli\u010dkom kalendaru<\/a><\/blockquote><iframe loading=\"lazy\" class=\"wp-embedded-content\" sandbox=\"allow-scripts\" security=\"restricted\" style=\"position: absolute; visibility: hidden;\" title=\"&#8220;Imena za djecu prema katoli\u010dkom kalendaru&#8221; &#8212; Roditeljstvo i djeca\" src=\"https:\/\/www.covermagazin.com\/djeca\/?p=1186&#038;embed=true#?secret=4uDqLvyavc#?secret=aAfEWJ2p65\" data-secret=\"aAfEWJ2p65\" width=\"500\" height=\"282\" frameborder=\"0\" marginwidth=\"0\" marginheight=\"0\" scrolling=\"no\"><\/iframe>\n<\/div><\/figure>\n","protected":false},"excerpt":{"rendered":"<p>Saznajte na koji datum Nikola slavi imendan u 2026. godini. &#8211; Znate li da slavljenje imendana nije posebno samo za Hrvatsku i okolne balkanske zemlje. Imendan je poseban dan koji se slavi \u0161irom svijeta. <\/p>\n","protected":false},"author":1,"featured_media":2911,"comment_status":"open","ping_status":"open","sticky":false,"template":"","format":"standard","meta":{"footnotes":"","_links_to":"","_links_to_target":""},"categories":[29],"tags":[],"class_list":["post-2910","post","type-post","status-publish","format-standard","has-post-thumbnail","hentry","category-imendani"],"_links":{"self":[{"href":"https:\/\/www.covermagazin.com\/djeca\/index.php?rest_route=\/wp\/v2\/posts\/2910","targetHints":{"allow":["GET"]}}],"collection":[{"href":"https:\/\/www.covermagazin.com\/djeca\/index.php?rest_route=\/wp\/v2\/posts"}],"about":[{"href":"https:\/\/www.covermagazin.com\/djeca\/index.php?rest_route=\/wp\/v2\/types\/post"}],"author":[{"embeddable":true,"href":"https:\/\/www.covermagazin.com\/djeca\/index.php?rest_route=\/wp\/v2\/users\/1"}],"replies":[{"embeddable":true,"href":"https:\/\/www.covermagazin.com\/djeca\/index.php?rest_route=%2Fwp%2Fv2%2Fcomments&post=2910"}],"version-history":[{"count":12,"href":"https:\/\/www.covermagazin.com\/djeca\/index.php?rest_route=\/wp\/v2\/posts\/2910\/revisions"}],"predecessor-version":[{"id":4477,"href":"https:\/\/www.covermagazin.com\/djeca\/index.php?rest_route=\/wp\/v2\/posts\/2910\/revisions\/4477"}],"wp:featuredmedia":[{"embeddable":true,"href":"https:\/\/www.covermagazin.com\/djeca\/index.php?rest_route=\/wp\/v2\/media\/2911"}],"wp:attachment":[{"href":"https:\/\/www.covermagazin.com\/djeca\/index.php?rest_route=%2Fwp%2Fv2%2Fmedia&parent=2910"}],"wp:term":[{"taxonomy":"category","embeddable":true,"href":"https:\/\/www.covermagazin.com\/djeca\/index.php?rest_route=%2Fwp%2Fv2%2Fcategories&post=2910"},{"taxonomy":"post_tag","embeddable":true,"href":"https:\/\/www.covermagazin.com\/djeca\/index.php?rest_route=%2Fwp%2Fv2%2Ftags&post=2910"}],"curies":[{"name":"wp","href":"https:\/\/api.w.org\/{rel}","templated":true}]}}