{"id":2386,"date":"2021-02-03T10:39:56","date_gmt":"2021-02-03T10:39:56","guid":{"rendered":"https:\/\/www.covermagazin.com\/djeca\/?p=2386"},"modified":"2025-01-01T12:08:52","modified_gmt":"2025-01-01T12:08:52","slug":"silva-imendan-2021","status":"publish","type":"post","link":"https:\/\/www.covermagazin.com\/djeca\/?p=2386","title":{"rendered":"Silva &#8211; imendan 2025. &#8211;"},"content":{"rendered":"\n<h3 class=\"wp-block-heading\"><figure><a href=\"https:\/\/www.covermagazin.com\/djeca\/wp-content\/uploads\/2021\/02\/njen-imendan-Silva.jpg\"><img loading=\"lazy\" decoding=\"async\" class=\"alignnone size-full wp-image-2387\" src=\"https:\/\/www.covermagazin.com\/djeca\/wp-content\/uploads\/2021\/02\/njen-imendan-Silva.jpg\" alt=\"Silva - imendan 2025. -\" width=\"600\" height=\"400\" srcset=\"https:\/\/www.covermagazin.com\/djeca\/wp-content\/uploads\/2021\/02\/njen-imendan-Silva.jpg 600w, https:\/\/www.covermagazin.com\/djeca\/wp-content\/uploads\/2021\/02\/njen-imendan-Silva-300x200.jpg 300w\" sizes=\"auto, (max-width: 600px) 100vw, 600px\" \/><\/a><\/figure><\/h3>\n\n\n\n<h3 class=\"wp-block-heading\">Silva &#8211; imendan 2025. &#8211;<\/h3>\n\n\n\n<p>Silva je katoli\u010dko ime koje ima svoj imendan u velja\u010di i&nbsp; rujnu&#8230;<\/p>\n\n\n\n<p>&nbsp;<\/p>\n\n\n\n<p>Silva slavi spomendane:<\/p>\n\n\n\n<p>06.02.<br>\n22.09.<\/p>\n\n\n\n<p>I<em>znad ste saznali na koji datum Silva slavi imendan u 2025.<\/em> <em>godini.<\/em><\/p>\n\n\n\n<p>Znate li da slavljenje imendana nije posebno samo za Hrvatsku i okolne balkanske zemlje. Imendan je poseban dan koji se slavi \u0161irom svijeta. Imena svetaca nazna\u010dena su u katoli\u010dkom kalendaru . Ima li vi\u0161e svetaca i bla\u017eenika s istim imenom u kalendaru proslavit \u0107ete imendan koji je najbli\u017ei va\u0161em ro\u0111endanu ili koji je najzna\u010dajniji&nbsp; u va\u0161oj \u017eupi i susjednim \u017eupama ili okru\u017eenju.<\/p>\n\n\n\n<p><em>Ako se zovete Silva i danas je neki od datuma iznad SRETAN VAM IMENDAN Silva \u2665<\/em><\/p>\n\n\n\n<p><strong>Vezano:<\/strong><\/p>\n\n\n\n<figure class=\"wp-block-embed is-type-wp-embed is-provider-roditeljstvo-i-djeca wp-block-embed-roditeljstvo-i-djeca\"><div class=\"wp-block-embed__wrapper\">\n<blockquote class=\"wp-embedded-content\" data-secret=\"awfnnpvlZa\"><a href=\"https:\/\/www.covermagazin.com\/djeca\/?p=1853\">Katoli\u010dki kalendar 2025. &#8211; imena i imendani &#8211;<\/a><\/blockquote><iframe loading=\"lazy\" class=\"wp-embedded-content\" sandbox=\"allow-scripts\" security=\"restricted\" style=\"position: absolute; visibility: hidden;\" title=\"&#8220;Katoli\u010dki kalendar 2025. &#8211; imena i imendani &#8211;&#8221; &#8212; Roditeljstvo i djeca\" src=\"https:\/\/www.covermagazin.com\/djeca\/?p=1853&#038;embed=true#?secret=LY51Ay6xpd#?secret=awfnnpvlZa\" data-secret=\"awfnnpvlZa\" width=\"500\" height=\"282\" frameborder=\"0\" marginwidth=\"0\" marginheight=\"0\" scrolling=\"no\"><\/iframe>\n<\/div><\/figure>\n\n\n\n<figure class=\"wp-block-embed is-type-wp-embed is-provider-roditeljstvo-i-djeca wp-block-embed-roditeljstvo-i-djeca\"><div class=\"wp-block-embed__wrapper\">\n<blockquote class=\"wp-embedded-content\" data-secret=\"yZIm4BkvJG\"><a href=\"https:\/\/www.covermagazin.com\/djeca\/?p=1186\">Imena za djecu prema katoli\u010dkom kalendaru<\/a><\/blockquote><iframe loading=\"lazy\" class=\"wp-embedded-content\" sandbox=\"allow-scripts\" security=\"restricted\" style=\"position: absolute; visibility: hidden;\" title=\"&#8220;Imena za djecu prema katoli\u010dkom kalendaru&#8221; &#8212; Roditeljstvo i djeca\" src=\"https:\/\/www.covermagazin.com\/djeca\/?p=1186&#038;embed=true#?secret=rYGlsXP2s5#?secret=yZIm4BkvJG\" data-secret=\"yZIm4BkvJG\" width=\"500\" height=\"282\" frameborder=\"0\" marginwidth=\"0\" marginheight=\"0\" scrolling=\"no\"><\/iframe>\n<\/div><\/figure>\n","protected":false},"excerpt":{"rendered":"<p>Saznajte na koji datum Silva slavi imendan u 2025. godini. &#8211; Znate li da slavljenje imendana nije posebno samo za Hrvatsku i okolne balkanske zemlje. Imendan je poseban dan koji se slavi \u0161irom svijeta. <\/p>\n","protected":false},"author":1,"featured_media":2387,"comment_status":"open","ping_status":"open","sticky":false,"template":"","format":"standard","meta":{"footnotes":"","_links_to":"","_links_to_target":""},"categories":[29],"tags":[],"class_list":["post-2386","post","type-post","status-publish","format-standard","has-post-thumbnail","hentry","category-imendani"],"_links":{"self":[{"href":"https:\/\/www.covermagazin.com\/djeca\/index.php?rest_route=\/wp\/v2\/posts\/2386","targetHints":{"allow":["GET"]}}],"collection":[{"href":"https:\/\/www.covermagazin.com\/djeca\/index.php?rest_route=\/wp\/v2\/posts"}],"about":[{"href":"https:\/\/www.covermagazin.com\/djeca\/index.php?rest_route=\/wp\/v2\/types\/post"}],"author":[{"embeddable":true,"href":"https:\/\/www.covermagazin.com\/djeca\/index.php?rest_route=\/wp\/v2\/users\/1"}],"replies":[{"embeddable":true,"href":"https:\/\/www.covermagazin.com\/djeca\/index.php?rest_route=%2Fwp%2Fv2%2Fcomments&post=2386"}],"version-history":[{"count":6,"href":"https:\/\/www.covermagazin.com\/djeca\/index.php?rest_route=\/wp\/v2\/posts\/2386\/revisions"}],"predecessor-version":[{"id":4314,"href":"https:\/\/www.covermagazin.com\/djeca\/index.php?rest_route=\/wp\/v2\/posts\/2386\/revisions\/4314"}],"wp:featuredmedia":[{"embeddable":true,"href":"https:\/\/www.covermagazin.com\/djeca\/index.php?rest_route=\/wp\/v2\/media\/2387"}],"wp:attachment":[{"href":"https:\/\/www.covermagazin.com\/djeca\/index.php?rest_route=%2Fwp%2Fv2%2Fmedia&parent=2386"}],"wp:term":[{"taxonomy":"category","embeddable":true,"href":"https:\/\/www.covermagazin.com\/djeca\/index.php?rest_route=%2Fwp%2Fv2%2Fcategories&post=2386"},{"taxonomy":"post_tag","embeddable":true,"href":"https:\/\/www.covermagazin.com\/djeca\/index.php?rest_route=%2Fwp%2Fv2%2Ftags&post=2386"}],"curies":[{"name":"wp","href":"https:\/\/api.w.org\/{rel}","templated":true}]}}