{"id":2310,"date":"2021-02-03T13:30:34","date_gmt":"2021-02-03T13:30:34","guid":{"rendered":"https:\/\/www.covermagazin.com\/djeca\/?p=2310"},"modified":"2026-01-12T15:31:56","modified_gmt":"2026-01-12T15:31:56","slug":"blaz-imendan-2021","status":"publish","type":"post","link":"https:\/\/www.covermagazin.com\/djeca\/?p=2310","title":{"rendered":"BLA\u017d &#8211; imendan 2026. &#8211;"},"content":{"rendered":"\n<h3 class=\"wp-block-heading\"><figure><a href=\"https:\/\/www.covermagazin.com\/djeca\/wp-content\/uploads\/2021\/02\/njegov-imendan-Blaz.jpg\"><img loading=\"lazy\" decoding=\"async\" class=\"alignnone size-full wp-image-2311\" src=\"https:\/\/www.covermagazin.com\/djeca\/wp-content\/uploads\/2021\/02\/njegov-imendan-Blaz.jpg\" alt=\"BLA\u017d - imendan 2021. -\" width=\"600\" height=\"400\" srcset=\"https:\/\/www.covermagazin.com\/djeca\/wp-content\/uploads\/2021\/02\/njegov-imendan-Blaz.jpg 600w, https:\/\/www.covermagazin.com\/djeca\/wp-content\/uploads\/2021\/02\/njegov-imendan-Blaz-300x200.jpg 300w\" sizes=\"auto, (max-width: 600px) 100vw, 600px\" \/><\/a><\/figure><\/h3>\n\n\n\n<h3 class=\"wp-block-heading\">Bla\u017e &#8211; imendan 2026. &#8211;<\/h3>\n\n\n\n<p>Bla\u017e je katoli\u010dko ime koje ima svoj imendan u VELJA\u010cI.<\/p>\n\n\n\n<p>03.02. obilje\u017eava se imendan imena Bla\u017e i njegovih izvedenica Bla\u017eenka i Bla\u017ea.<\/p>\n\n\n\n<p>Bla\u017e slavi imendan u velja\u010di, 03.02. 2026.<\/p>\n\n\n\n<p>Bla\u017e ima jo\u0161 spomendan:<\/p>\n\n\n\n<p>10.04. (Bla\u017eenko)<\/p>\n\n\n\n<p>I<em>znad ste saznali na koji datum Bla\u017e slavi imendan u 2026. godini.<\/em><\/p>\n\n\n\n<p>Znate li da slavljenje imendana nije posebno samo za Hrvatsku i okolne balkanske zemlje. Imendan je poseban dan koji se slavi \u0161irom svijeta. Imena svetaca nazna\u010dena su u katoli\u010dkom kalendaru . Ima li vi\u0161e svetaca i bla\u017eenika s istim imenom u kalendaru proslavit \u0107ete imendan koji je najbli\u017ei va\u0161em ro\u0111endanu ili koji je najzna\u010dajniji&nbsp; u va\u0161oj \u017eupi i susjednim \u017eupama ili okru\u017eenju.<\/p>\n\n\n\n<p><em>Ako se zovete Bla\u017e i danas je neki od datuma iznad SRETAN VAM IMENDAN BLA\u017d &#x2665;<\/em><\/p>\n\n\n\n<p><strong>Vezano:<\/strong><\/p>\n\n\n\n<figure class=\"wp-block-embed is-type-wp-embed is-provider-roditeljstvo-i-djeca wp-block-embed-roditeljstvo-i-djeca\"><div class=\"wp-block-embed__wrapper\">\n<blockquote class=\"wp-embedded-content\" data-secret=\"WRZsmwjafL\"><a href=\"https:\/\/www.covermagazin.com\/djeca\/?p=1853\">Katoli\u010dki kalendar 2024. &#8211; imena i imendani &#8211;<\/a><\/blockquote><iframe loading=\"lazy\" class=\"wp-embedded-content\" sandbox=\"allow-scripts\" security=\"restricted\" style=\"position: absolute; visibility: hidden;\" title=\"&#8220;Katoli\u010dki kalendar 2024. &#8211; imena i imendani &#8211;&#8221; &#8212; Roditeljstvo i djeca\" src=\"https:\/\/www.covermagazin.com\/djeca\/?p=1853&#038;embed=true#?secret=ge6meyQTCh#?secret=WRZsmwjafL\" data-secret=\"WRZsmwjafL\" width=\"500\" height=\"282\" frameborder=\"0\" marginwidth=\"0\" marginheight=\"0\" scrolling=\"no\"><\/iframe>\n<\/div><\/figure>\n\n\n\n<figure class=\"wp-block-embed is-type-wp-embed is-provider-roditeljstvo-i-djeca wp-block-embed-roditeljstvo-i-djeca\"><div class=\"wp-block-embed__wrapper\">\n<blockquote class=\"wp-embedded-content\" data-secret=\"8zfhdSXmgF\"><a href=\"https:\/\/www.covermagazin.com\/djeca\/?p=1186\">Imena za djecu prema katoli\u010dkom kalendaru<\/a><\/blockquote><iframe loading=\"lazy\" class=\"wp-embedded-content\" sandbox=\"allow-scripts\" security=\"restricted\" style=\"position: absolute; visibility: hidden;\" title=\"&#8220;Imena za djecu prema katoli\u010dkom kalendaru&#8221; &#8212; Roditeljstvo i djeca\" src=\"https:\/\/www.covermagazin.com\/djeca\/?p=1186&#038;embed=true#?secret=J8ZEmG70Nb#?secret=8zfhdSXmgF\" data-secret=\"8zfhdSXmgF\" width=\"500\" height=\"282\" frameborder=\"0\" marginwidth=\"0\" marginheight=\"0\" scrolling=\"no\"><\/iframe>\n<\/div><\/figure>\n","protected":false},"excerpt":{"rendered":"<p>Bla\u017e &#8211; imendan 2026. &#8211; Bla\u017e je katoli\u010dko ime koje ima svoj imendan u VELJA\u010cI. 03.02. obilje\u017eava se imendan imena Bla\u017e i njegovih izvedenica Bla\u017eenka i Bla\u017ea. Bla\u017e slavi imendan u velja\u010di, 03.02. 2026. Bla\u017e ima jo\u0161 spomendan: 10.04. (Bla\u017eenko) Iznad ste saznali na koji datum Bla\u017e slavi imendan u 2026. godini. Znate li da [&hellip;]<\/p>\n","protected":false},"author":1,"featured_media":2311,"comment_status":"open","ping_status":"open","sticky":false,"template":"","format":"standard","meta":{"footnotes":"","_links_to":"","_links_to_target":""},"categories":[29],"tags":[],"class_list":["post-2310","post","type-post","status-publish","format-standard","has-post-thumbnail","hentry","category-imendani"],"_links":{"self":[{"href":"https:\/\/www.covermagazin.com\/djeca\/index.php?rest_route=\/wp\/v2\/posts\/2310","targetHints":{"allow":["GET"]}}],"collection":[{"href":"https:\/\/www.covermagazin.com\/djeca\/index.php?rest_route=\/wp\/v2\/posts"}],"about":[{"href":"https:\/\/www.covermagazin.com\/djeca\/index.php?rest_route=\/wp\/v2\/types\/post"}],"author":[{"embeddable":true,"href":"https:\/\/www.covermagazin.com\/djeca\/index.php?rest_route=\/wp\/v2\/users\/1"}],"replies":[{"embeddable":true,"href":"https:\/\/www.covermagazin.com\/djeca\/index.php?rest_route=%2Fwp%2Fv2%2Fcomments&post=2310"}],"version-history":[{"count":6,"href":"https:\/\/www.covermagazin.com\/djeca\/index.php?rest_route=\/wp\/v2\/posts\/2310\/revisions"}],"predecessor-version":[{"id":4541,"href":"https:\/\/www.covermagazin.com\/djeca\/index.php?rest_route=\/wp\/v2\/posts\/2310\/revisions\/4541"}],"wp:featuredmedia":[{"embeddable":true,"href":"https:\/\/www.covermagazin.com\/djeca\/index.php?rest_route=\/wp\/v2\/media\/2311"}],"wp:attachment":[{"href":"https:\/\/www.covermagazin.com\/djeca\/index.php?rest_route=%2Fwp%2Fv2%2Fmedia&parent=2310"}],"wp:term":[{"taxonomy":"category","embeddable":true,"href":"https:\/\/www.covermagazin.com\/djeca\/index.php?rest_route=%2Fwp%2Fv2%2Fcategories&post=2310"},{"taxonomy":"post_tag","embeddable":true,"href":"https:\/\/www.covermagazin.com\/djeca\/index.php?rest_route=%2Fwp%2Fv2%2Ftags&post=2310"}],"curies":[{"name":"wp","href":"https:\/\/api.w.org\/{rel}","templated":true}]}}