{"id":2236,"date":"2025-02-04T12:47:02","date_gmt":"2025-02-04T12:47:02","guid":{"rendered":"https:\/\/www.covermagazin.com\/djeca\/?p=2236"},"modified":"2025-02-04T12:47:03","modified_gmt":"2025-02-04T12:47:03","slug":"trebaju-li-djeca-saviti-valentinovo","status":"publish","type":"post","link":"https:\/\/www.covermagazin.com\/djeca\/?p=2236","title":{"rendered":"Trebaju li djeca slaviti Valentinovo?"},"content":{"rendered":"\n<p><a href=\"https:\/\/www.covermagazin.com\/djeca\/wp-content\/uploads\/2021\/01\/Trebaju-li-djeca-saviti-Valentinovo-portal.jpg\"><img loading=\"lazy\" decoding=\"async\" class=\"alignnone size-full wp-image-2237\" src=\"https:\/\/www.covermagazin.com\/djeca\/wp-content\/uploads\/2021\/01\/Trebaju-li-djeca-saviti-Valentinovo-portal.jpg\" alt=\"Trebaju li djeca saviti Valentinovo?\" width=\"600\" height=\"400\"><\/a><\/p>\n\n\n\n<h2 class=\"wp-block-heading\">Trebaju li djeca slaviti Valentinovo?<\/h2>\n\n\n\n<p>Kada ste postali roditelji vjerojatno se pitate trebate li uklju\u010diti djecu u proslavu Valentinova ili pak zadr\u017eati Valentinovo praznikom isklju\u010divo za roditelje, vas kao par.<\/p>\n\n\n\n<p>U potrazi za odgovorom na pitanje <strong>trebaju li djeca <a href=\"https:\/\/covermagazin.com\/?page_id=27454\">slaviti Valentinovo<\/a><\/strong>, nai\u0161li smo na nekoliko debata, gdje se argumentirano obja\u0161njava i stajali\u0161te da je to dan zaljubljenih ekskluzivno rezerviran za odrasle i parove, dok s druge strane postoje i oni koji, tako\u0111er s puno argumenata obja\u0161njavaju kako je to dan ljubavi i da treba slaviti svaki oblik ljubavi. To\u010dnog odgovora nema, a svatko treba odlu\u010diti sam za sebe. <\/p>\n\n\n\n<p>Obi\u010daj da se Valentinovo obilje\u017eava kao dan zaljubljenih do\u0161ao je u Europu nakon Drugoga svjetskog rata s ameri\u010dkom vojskom, koja je na ovaj dan organizirala balove. <\/p>\n\n\n\n<p><strong>Papa Benedikt XVI. proglasio spomendan svetoga Valentina danom braka, a svetog Valentina svetca za\u0161titnikom bra\u010dne ljubavi.<\/strong> Budu\u0107i da je ovaj dan dosta komercijaliziran, radi cijele prodaje i zarade koja se ve\u017ee uz njega rijetko se ve\u017ee ba\u0161 uz bra\u010dnu ljubav, \u010de\u0161\u0107e se govori o danu zaljubljenih ili danu ljubavi.<\/p>\n\n\n\n<p>Prilikom odluke uklju\u010diti djecu ili ne u proslavu Valentinova dobro je razlu\u010diti \u0161to slavite. Slavite li <strong>Dan zaljubljenih kao praznik<\/strong>, <strong>Valentinovo kao Dan svetog Valentina<\/strong> ili 14. velja\u010de obilje\u017eavate op\u0107enito kao <strong>dan ljubavi<\/strong>.<\/p>\n\n\n\n<p>Sveti Valentin nije za\u0161titnik zaljubljenih kako se obi\u010dno misli. <strong>Dan 14. velja\u010de od strane crkve progla\u0161en je danom braka, a sveti Valentin za\u0161titnikom bra\u010dne ljubavi.<\/strong> Ako 14. velja\u010de slavite Valentinovo u smislu dana svetog Valentina, tada ga treba proslaviti s partnerom u smislu bra\u010dne ljubavi.<\/p>\n\n\n\n<p>Ukoliko slavite Dan zaljubljenih i djeci ovaj dan prezentirate na taj na\u010din, tada biste im trebali objasniti razliku izme\u0111u zaljubljenosti i ljubavi poput roditeljske ljubavi, prijateljske ljubavi.<\/p>\n\n\n\n<p>Ako va\u0161e poimanje Valentinova nije vezano uz crkveni blagdan proslave dana svetog Valentina ili Dana zaljubljenih, nego \u017eelite slaviti ljubav op\u0107enito treba razgovarati s djecom o vrstama ljubavi i \u0161to se sve zove ovim pojmom. Ipak, zajedni\u0161tvo i toplo gnijezdo dragi su svakome, bez obzira na \u017eivotnu dob. Stoga se mo\u017ee smatrati kako je Valentinovo svima blagdan i za sve dan radosnijih osobnih susreta, iskrena \u010destitanja i sve\u010danijega svjedo\u010denja uzajamne privr\u017eenosti.<\/p>\n\n\n\n<p><strong>Bez obzira kojoj strani se priklanjate, jer to\u010dnog odgovora nema, trebali biste uzeti u obzir sljede\u0107e stvari:<\/strong><\/p>\n\n\n\n<p>&#8211; Izbjegavajte konzumerizam. Bez obzira uklju\u010dili cijelu obitelj u proslavu ili samo partnera nemojte da se sve vrti oko poklona, nego se koncentrirajte na ljubav. <\/p>\n\n\n\n<p>&#8211; Ako \u0107ete i djecu uklju\u010diti u proslavu Valentinova, te Valentinovo proslaviti kao obitelj, ipak odvojite i solo vrijeme za vas kao par.<\/p>\n\n\n\n<p>&#8211; Objasnite djeci razliku izme\u0111u ljubavi i zaljubljenosti.<\/p>\n\n\n\n<p>&#8211; Djeci bi trebalo biti obja\u0161njeno kako smisao ovog dana mo\u017ee biti u tome da budemo ljubazni jedni prema drugima, cijene\u0107i svakog pojedinca zbog onoga \u0161to jest i cijene\u0107i razlike. Ovaj dan mo\u017ee biti prilika za ja\u010danje dje\u010djeg samopouzdanja i osobnog rasta, budu\u0107i da ovaj praznik mo\u017ee kod djece pobuditi sumnju u neke ste\u010dene vrijednosti i sliku o sebi i svome okru\u017eenju. Ovaj dan mo\u017ee biti emotivno varljiva situacija jer se obi\u010dno uz Valentinovo spominje recipro\u010dna ljubav dvije osobe.<\/p>\n\n\n\n<p>&#8211; Objasnite djeci kako nisu svi darovi upakirani u \u0161areni papir, te kako najljep\u0161i pokloni mogu biti geste i pona\u0161anje. Tako\u0111er kako se ljubav ne mora izra\u017eavati grandioznim gestama, nego kroz djela koja odra\u017eavaju ljubaznost.<\/p>\n\n\n\n<p>&#8211; Odlu\u010dite se proslaviti Valentinovo onako kako smatrate da je najautenti\u010dnije za va\u0161u obitelj i na va\u0161 na\u010din, kroz posebno pripremljena jela, filmove, igre ili slatki\u0161e. Za proslavu Valentinova nema to\u010dnog i pogre\u0161nog na\u010dina, nego se sve svodi na osobni do\u017eivljaj i vlastite \u017eelje.<\/p>\n\n\n\n<p>&#8211; Slijedite dje\u010dje \u017eelje. Ako ih zanima <a href=\"https:\/\/covermagazin.com\/?page_id=27454\">Valentinovo<\/a>, nemojte odbijati njihove \u010destitke i crte\u017ee, a ako ih ne zanima Valentinovo, nemojte im na silu nametati.<\/p>\n\n\n\n<figure class=\"wp-block-embed is-type-wp-embed is-provider-cover-magazin-com wp-block-embed-cover-magazin-com\"><div class=\"wp-block-embed__wrapper\">\n<blockquote class=\"wp-embedded-content\" data-secret=\"1UW6BNGwtp\"><a href=\"https:\/\/covermagazin.com\/?page_id=27454\">Valentinovo &#8211; Ideje za najljep\u0161e Valentinovo<\/a><\/blockquote><iframe loading=\"lazy\" class=\"wp-embedded-content\" sandbox=\"allow-scripts\" security=\"restricted\" style=\"position: absolute; visibility: hidden;\" title=\"&#8220;Valentinovo &#8211; Ideje za najljep\u0161e Valentinovo&#8221; &#8212; COVER magazin.com  \" src=\"https:\/\/covermagazin.com\/?page_id=27454&#038;embed=true#?secret=RdCu1tANuY#?secret=1UW6BNGwtp\" data-secret=\"1UW6BNGwtp\" width=\"500\" height=\"282\" frameborder=\"0\" marginwidth=\"0\" marginheight=\"0\" scrolling=\"no\"><\/iframe>\n<\/div><\/figure>\n\n\n\n<figure class=\"wp-block-embed is-type-wp-embed is-provider-prisjetimo-se wp-block-embed-prisjetimo-se\"><div class=\"wp-block-embed__wrapper\">\n<blockquote class=\"wp-embedded-content\" data-secret=\"00q62rq7y6\"><a href=\"https:\/\/www.prisjetimo.covermagazin.com\/?p=1201\">Kad je i  kako obilje\u017eiti VALENTINOVO 2025.<\/a><\/blockquote><iframe loading=\"lazy\" class=\"wp-embedded-content\" sandbox=\"allow-scripts\" security=\"restricted\" style=\"position: absolute; visibility: hidden;\" title=\"&#8220;Kad je i  kako obilje\u017eiti VALENTINOVO 2025.&#8221; &#8212; Prisjetimo se\" src=\"https:\/\/www.prisjetimo.covermagazin.com\/?p=1201&#038;embed=true#?secret=ddaXbHGSH5#?secret=00q62rq7y6\" data-secret=\"00q62rq7y6\" width=\"500\" height=\"282\" frameborder=\"0\" marginwidth=\"0\" marginheight=\"0\" scrolling=\"no\"><\/iframe>\n<\/div><\/figure>\n\n\n\n<p><\/p>\n","protected":false},"excerpt":{"rendered":"<p>Trebaju li djeca slaviti Valentinovo? Kada ste postali roditelji vjerojatno se pitate trebate li uklju\u010diti djecu u proslavu Valentinova ili pak zadr\u017eati Valentinovo praznikom isklju\u010divo za roditelje, vas kao par. U potrazi za odgovorom na pitanje trebaju li djeca slaviti Valentinovo, nai\u0161li smo na nekoliko debata, gdje se argumentirano obja\u0161njava i stajali\u0161te da je to [&hellip;]<\/p>\n","protected":false},"author":1,"featured_media":0,"comment_status":"open","ping_status":"open","sticky":false,"template":"","format":"standard","meta":{"footnotes":"","_links_to":"","_links_to_target":""},"categories":[7],"tags":[],"class_list":["post-2236","post","type-post","status-publish","format-standard","hentry","category-pokloni"],"_links":{"self":[{"href":"https:\/\/www.covermagazin.com\/djeca\/index.php?rest_route=\/wp\/v2\/posts\/2236","targetHints":{"allow":["GET"]}}],"collection":[{"href":"https:\/\/www.covermagazin.com\/djeca\/index.php?rest_route=\/wp\/v2\/posts"}],"about":[{"href":"https:\/\/www.covermagazin.com\/djeca\/index.php?rest_route=\/wp\/v2\/types\/post"}],"author":[{"embeddable":true,"href":"https:\/\/www.covermagazin.com\/djeca\/index.php?rest_route=\/wp\/v2\/users\/1"}],"replies":[{"embeddable":true,"href":"https:\/\/www.covermagazin.com\/djeca\/index.php?rest_route=%2Fwp%2Fv2%2Fcomments&post=2236"}],"version-history":[{"count":6,"href":"https:\/\/www.covermagazin.com\/djeca\/index.php?rest_route=\/wp\/v2\/posts\/2236\/revisions"}],"predecessor-version":[{"id":4355,"href":"https:\/\/www.covermagazin.com\/djeca\/index.php?rest_route=\/wp\/v2\/posts\/2236\/revisions\/4355"}],"wp:attachment":[{"href":"https:\/\/www.covermagazin.com\/djeca\/index.php?rest_route=%2Fwp%2Fv2%2Fmedia&parent=2236"}],"wp:term":[{"taxonomy":"category","embeddable":true,"href":"https:\/\/www.covermagazin.com\/djeca\/index.php?rest_route=%2Fwp%2Fv2%2Fcategories&post=2236"},{"taxonomy":"post_tag","embeddable":true,"href":"https:\/\/www.covermagazin.com\/djeca\/index.php?rest_route=%2Fwp%2Fv2%2Ftags&post=2236"}],"curies":[{"name":"wp","href":"https:\/\/api.w.org\/{rel}","templated":true}]}}